{"id":4326,"date":"2026-03-18T16:23:50","date_gmt":"2026-03-18T15:23:50","guid":{"rendered":"https:\/\/castellscatalans.com\/?p=4326"},"modified":"2026-03-18T16:28:40","modified_gmt":"2026-03-18T15:28:40","slug":"visita-al-castillo-de-foixa-14-de-febrero-de-2026","status":"publish","type":"post","link":"https:\/\/castellscatalans.com\/es\/visita-al-castillo-de-foixa-14-de-febrero-de-2026\/","title":{"rendered":"Visita al Castillo de Foix\u00e0 \u2013 14 de febrero de 2026"},"content":{"rendered":"<p data-start=\"57\" data-end=\"401\">Situado en el Baix Empord\u00e0, el Castillo de Foix\u00e0 destaca por su importancia geoestrat\u00e9gica como punto de control de las v\u00edas de comunicaci\u00f3n desde la \u00e9poca romana. Su posici\u00f3n elevada permite un dominio visual privilegiado del territorio, lo que explica su origen como torre de vigilancia y su posterior evoluci\u00f3n hasta convertirse en castillo.<\/p>\n<p data-start=\"403\" data-end=\"635\">La visita tuvo lugar el pasado 14 de febrero y cont\u00f3 con la participaci\u00f3n de arquitectos, especialistas en castillos, arque\u00f3logos, vecinos de la comarca y miembros de BNI BCC (Business Network International Barcelona Ciudad Centro).<\/p>\n<p data-start=\"637\" data-end=\"915\">A lo largo de su historia, el castillo fue centro del poder feudal y perteneci\u00f3, entre otros, a la familia Rocabert\u00ed. Culturalmente destaca el literato Jofre de Foix\u00e0. La \u00faltima familia noble vinculada fue la del conde de Foix\u00e0, un t\u00edtulo ya no feudal concedido en el siglo XIX.<\/p>\n<p data-start=\"917\" data-end=\"1324\">Uno de los principales atractivos de la visita fue el descubrimiento de la historia del edificio, su arquitectura y la riqueza cultural que transmite. Nos recibieron el arquitecto Enric Mir y su esposa, Carla Habif Hassid, quienes ofrecieron una explicaci\u00f3n exhaustiva y profunda sobre la evoluci\u00f3n del castillo, siempre contextualizada dentro de las diversas l\u00edneas de comunicaci\u00f3n de cada \u00e9poca hist\u00f3rica.<\/p>\n<p data-start=\"1326\" data-end=\"1738\">Despu\u00e9s de la visita, el grupo \u2014formado por m\u00e1s de cuarenta personas\u2014 se traslad\u00f3 a Sant Mart\u00ed Vell para disfrutar de una comida en el restaurante Sant Mart\u00ed. All\u00ed celebramos la diversidad de los asistentes degustando platos como arroz con butifarra negra, meloso de carrillera de ternera con reducci\u00f3n de rataf\u00eda y patata confitada, lubina al horno con patata, cebolla y tomate, crema catalana y otras delicias.<\/p>\n<p data-start=\"1740\" data-end=\"1778\"><strong data-start=\"1740\" data-end=\"1778\">Testimonios de algunos asistentes:<\/strong><\/p>\n<p data-start=\"1780\" data-end=\"1856\" data-is-last-node=\"\" data-is-only-node=\"\">\u201cMuchas gracias por la organizaci\u00f3n. Las explicaciones, muy enriquecedoras.\u201d<\/p>\n<p data-start=\"1780\" data-end=\"1856\" data-is-last-node=\"\" data-is-only-node=\"\"><img loading=\"lazy\" decoding=\"async\" class=\"alignnone size-medium wp-image-4322\" src=\"https:\/\/castellscatalans.com\/wp-content\/uploads\/2026\/03\/WhatsApp-Image-2026-03-18-at-16.18.26-1-300x225.jpeg\" alt=\"\" width=\"300\" height=\"225\" srcset=\"https:\/\/castellscatalans.com\/wp-content\/uploads\/2026\/03\/WhatsApp-Image-2026-03-18-at-16.18.26-1-300x225.jpeg 300w, https:\/\/castellscatalans.com\/wp-content\/uploads\/2026\/03\/WhatsApp-Image-2026-03-18-at-16.18.26-1-1024x768.jpeg 1024w, https:\/\/castellscatalans.com\/wp-content\/uploads\/2026\/03\/WhatsApp-Image-2026-03-18-at-16.18.26-1-768x576.jpeg 768w, https:\/\/castellscatalans.com\/wp-content\/uploads\/2026\/03\/WhatsApp-Image-2026-03-18-at-16.18.26-1-1536x1152.jpeg 1536w, https:\/\/castellscatalans.com\/wp-content\/uploads\/2026\/03\/WhatsApp-Image-2026-03-18-at-16.18.26-1.jpeg 1600w\" sizes=\"auto, (max-width: 300px) 100vw, 300px\" \/><img loading=\"lazy\" decoding=\"async\" class=\"alignnone size-medium wp-image-4320\" src=\"https:\/\/castellscatalans.com\/wp-content\/uploads\/2026\/03\/WhatsApp-Image-2026-03-18-at-16.18.25-300x192.jpeg\" alt=\"\" width=\"300\" height=\"192\" srcset=\"https:\/\/castellscatalans.com\/wp-content\/uploads\/2026\/03\/WhatsApp-Image-2026-03-18-at-16.18.25-300x192.jpeg 300w, https:\/\/castellscatalans.com\/wp-content\/uploads\/2026\/03\/WhatsApp-Image-2026-03-18-at-16.18.25-1024x654.jpeg 1024w, https:\/\/castellscatalans.com\/wp-content\/uploads\/2026\/03\/WhatsApp-Image-2026-03-18-at-16.18.25-768x491.jpeg 768w, https:\/\/castellscatalans.com\/wp-content\/uploads\/2026\/03\/WhatsApp-Image-2026-03-18-at-16.18.25-1536x981.jpeg 1536w, https:\/\/castellscatalans.com\/wp-content\/uploads\/2026\/03\/WhatsApp-Image-2026-03-18-at-16.18.25.jpeg 1600w\" sizes=\"auto, (max-width: 300px) 100vw, 300px\" \/><img loading=\"lazy\" decoding=\"async\" class=\"alignnone size-medium wp-image-4318\" src=\"https:\/\/castellscatalans.com\/wp-content\/uploads\/2026\/03\/WhatsApp-Image-2026-03-18-at-16.18.25-4-300x225.jpeg\" alt=\"\" width=\"300\" height=\"225\" srcset=\"https:\/\/castellscatalans.com\/wp-content\/uploads\/2026\/03\/WhatsApp-Image-2026-03-18-at-16.18.25-4-300x225.jpeg 300w, https:\/\/castellscatalans.com\/wp-content\/uploads\/2026\/03\/WhatsApp-Image-2026-03-18-at-16.18.25-4-1024x768.jpeg 1024w, https:\/\/castellscatalans.com\/wp-content\/uploads\/2026\/03\/WhatsApp-Image-2026-03-18-at-16.18.25-4-768x576.jpeg 768w, https:\/\/castellscatalans.com\/wp-content\/uploads\/2026\/03\/WhatsApp-Image-2026-03-18-at-16.18.25-4-1536x1152.jpeg 1536w, https:\/\/castellscatalans.com\/wp-content\/uploads\/2026\/03\/WhatsApp-Image-2026-03-18-at-16.18.25-4.jpeg 1600w\" sizes=\"auto, (max-width: 300px) 100vw, 300px\" \/><img loading=\"lazy\" decoding=\"async\" class=\"alignnone size-medium wp-image-4316\" src=\"https:\/\/castellscatalans.com\/wp-content\/uploads\/2026\/03\/WhatsApp-Image-2026-03-18-at-16.18.25-3-300x225.jpeg\" alt=\"\" width=\"300\" height=\"225\" srcset=\"https:\/\/castellscatalans.com\/wp-content\/uploads\/2026\/03\/WhatsApp-Image-2026-03-18-at-16.18.25-3-300x225.jpeg 300w, https:\/\/castellscatalans.com\/wp-content\/uploads\/2026\/03\/WhatsApp-Image-2026-03-18-at-16.18.25-3-1024x768.jpeg 1024w, https:\/\/castellscatalans.com\/wp-content\/uploads\/2026\/03\/WhatsApp-Image-2026-03-18-at-16.18.25-3-768x576.jpeg 768w, https:\/\/castellscatalans.com\/wp-content\/uploads\/2026\/03\/WhatsApp-Image-2026-03-18-at-16.18.25-3-1536x1152.jpeg 1536w, https:\/\/castellscatalans.com\/wp-content\/uploads\/2026\/03\/WhatsApp-Image-2026-03-18-at-16.18.25-3.jpeg 1600w\" sizes=\"auto, (max-width: 300px) 100vw, 300px\" \/><img loading=\"lazy\" decoding=\"async\" class=\"alignnone size-medium wp-image-4314\" src=\"https:\/\/castellscatalans.com\/wp-content\/uploads\/2026\/03\/WhatsApp-Image-2026-03-18-at-16.18.25-2-300x225.jpeg\" alt=\"\" width=\"300\" height=\"225\" srcset=\"https:\/\/castellscatalans.com\/wp-content\/uploads\/2026\/03\/WhatsApp-Image-2026-03-18-at-16.18.25-2-300x225.jpeg 300w, https:\/\/castellscatalans.com\/wp-content\/uploads\/2026\/03\/WhatsApp-Image-2026-03-18-at-16.18.25-2-1024x768.jpeg 1024w, https:\/\/castellscatalans.com\/wp-content\/uploads\/2026\/03\/WhatsApp-Image-2026-03-18-at-16.18.25-2-768x576.jpeg 768w, https:\/\/castellscatalans.com\/wp-content\/uploads\/2026\/03\/WhatsApp-Image-2026-03-18-at-16.18.25-2-1536x1152.jpeg 1536w, https:\/\/castellscatalans.com\/wp-content\/uploads\/2026\/03\/WhatsApp-Image-2026-03-18-at-16.18.25-2.jpeg 1600w\" sizes=\"auto, (max-width: 300px) 100vw, 300px\" \/><img loading=\"lazy\" decoding=\"async\" class=\"alignnone size-medium wp-image-4312\" src=\"https:\/\/castellscatalans.com\/wp-content\/uploads\/2026\/03\/WhatsApp-Image-2026-03-18-at-16.18.25-1-300x144.jpeg\" alt=\"\" width=\"300\" height=\"144\" srcset=\"https:\/\/castellscatalans.com\/wp-content\/uploads\/2026\/03\/WhatsApp-Image-2026-03-18-at-16.18.25-1-300x144.jpeg 300w, https:\/\/castellscatalans.com\/wp-content\/uploads\/2026\/03\/WhatsApp-Image-2026-03-18-at-16.18.25-1-1024x492.jpeg 1024w, https:\/\/castellscatalans.com\/wp-content\/uploads\/2026\/03\/WhatsApp-Image-2026-03-18-at-16.18.25-1-768x369.jpeg 768w, https:\/\/castellscatalans.com\/wp-content\/uploads\/2026\/03\/WhatsApp-Image-2026-03-18-at-16.18.25-1-1536x738.jpeg 1536w, https:\/\/castellscatalans.com\/wp-content\/uploads\/2026\/03\/WhatsApp-Image-2026-03-18-at-16.18.25-1.jpeg 1600w\" sizes=\"auto, (max-width: 300px) 100vw, 300px\" \/><img loading=\"lazy\" decoding=\"async\" class=\"alignnone size-medium wp-image-4310\" src=\"https:\/\/castellscatalans.com\/wp-content\/uploads\/2026\/03\/WhatsApp-Image-2026-03-18-at-16.18.24-300x225.jpeg\" alt=\"\" width=\"300\" height=\"225\" srcset=\"https:\/\/castellscatalans.com\/wp-content\/uploads\/2026\/03\/WhatsApp-Image-2026-03-18-at-16.18.24-300x225.jpeg 300w, https:\/\/castellscatalans.com\/wp-content\/uploads\/2026\/03\/WhatsApp-Image-2026-03-18-at-16.18.24-1024x768.jpeg 1024w, https:\/\/castellscatalans.com\/wp-content\/uploads\/2026\/03\/WhatsApp-Image-2026-03-18-at-16.18.24-768x576.jpeg 768w, https:\/\/castellscatalans.com\/wp-content\/uploads\/2026\/03\/WhatsApp-Image-2026-03-18-at-16.18.24-1536x1152.jpeg 1536w, https:\/\/castellscatalans.com\/wp-content\/uploads\/2026\/03\/WhatsApp-Image-2026-03-18-at-16.18.24.jpeg 1600w\" sizes=\"auto, (max-width: 300px) 100vw, 300px\" \/><img loading=\"lazy\" decoding=\"async\" class=\"alignnone size-medium wp-image-4308\" src=\"https:\/\/castellscatalans.com\/wp-content\/uploads\/2026\/03\/WhatsApp-Image-2026-03-18-at-16.18.24-2-300x156.jpeg\" alt=\"\" width=\"300\" height=\"156\" srcset=\"https:\/\/castellscatalans.com\/wp-content\/uploads\/2026\/03\/WhatsApp-Image-2026-03-18-at-16.18.24-2-300x156.jpeg 300w, https:\/\/castellscatalans.com\/wp-content\/uploads\/2026\/03\/WhatsApp-Image-2026-03-18-at-16.18.24-2-1024x532.jpeg 1024w, https:\/\/castellscatalans.com\/wp-content\/uploads\/2026\/03\/WhatsApp-Image-2026-03-18-at-16.18.24-2-768x399.jpeg 768w, https:\/\/castellscatalans.com\/wp-content\/uploads\/2026\/03\/WhatsApp-Image-2026-03-18-at-16.18.24-2-1536x798.jpeg 1536w, https:\/\/castellscatalans.com\/wp-content\/uploads\/2026\/03\/WhatsApp-Image-2026-03-18-at-16.18.24-2.jpeg 1600w\" sizes=\"auto, (max-width: 300px) 100vw, 300px\" \/><img loading=\"lazy\" decoding=\"async\" class=\"alignnone size-medium wp-image-4306\" src=\"https:\/\/castellscatalans.com\/wp-content\/uploads\/2026\/03\/WhatsApp-Image-2026-03-18-at-16.18.24-1-300x217.jpeg\" alt=\"\" width=\"300\" height=\"217\" srcset=\"https:\/\/castellscatalans.com\/wp-content\/uploads\/2026\/03\/WhatsApp-Image-2026-03-18-at-16.18.24-1-300x217.jpeg 300w, https:\/\/castellscatalans.com\/wp-content\/uploads\/2026\/03\/WhatsApp-Image-2026-03-18-at-16.18.24-1-1024x742.jpeg 1024w, https:\/\/castellscatalans.com\/wp-content\/uploads\/2026\/03\/WhatsApp-Image-2026-03-18-at-16.18.24-1-768x556.jpeg 768w, https:\/\/castellscatalans.com\/wp-content\/uploads\/2026\/03\/WhatsApp-Image-2026-03-18-at-16.18.24-1-1536x1113.jpeg 1536w, https:\/\/castellscatalans.com\/wp-content\/uploads\/2026\/03\/WhatsApp-Image-2026-03-18-at-16.18.24-1.jpeg 1600w\" sizes=\"auto, (max-width: 300px) 100vw, 300px\" \/><img loading=\"lazy\" decoding=\"async\" class=\"alignnone size-medium wp-image-4304\" src=\"https:\/\/castellscatalans.com\/wp-content\/uploads\/2026\/03\/WhatsApp-Image-2026-03-18-at-16.18.23-300x225.jpeg\" alt=\"\" width=\"300\" height=\"225\" srcset=\"https:\/\/castellscatalans.com\/wp-content\/uploads\/2026\/03\/WhatsApp-Image-2026-03-18-at-16.18.23-300x225.jpeg 300w, https:\/\/castellscatalans.com\/wp-content\/uploads\/2026\/03\/WhatsApp-Image-2026-03-18-at-16.18.23-1024x768.jpeg 1024w, https:\/\/castellscatalans.com\/wp-content\/uploads\/2026\/03\/WhatsApp-Image-2026-03-18-at-16.18.23-768x576.jpeg 768w, https:\/\/castellscatalans.com\/wp-content\/uploads\/2026\/03\/WhatsApp-Image-2026-03-18-at-16.18.23-1536x1152.jpeg 1536w, https:\/\/castellscatalans.com\/wp-content\/uploads\/2026\/03\/WhatsApp-Image-2026-03-18-at-16.18.23.jpeg 1600w\" sizes=\"auto, (max-width: 300px) 100vw, 300px\" \/><\/p>\n","protected":false},"excerpt":{"rendered":"<p>Situado en el Baix Empord\u00e0, el Castillo de Foix\u00e0 destaca por su importancia geoestrat\u00e9gica como punto de control de las v\u00edas de comunicaci\u00f3n desde la \u00e9poca romana. Su posici\u00f3n elevada&#8230;<\/p>\n","protected":false},"author":3,"featured_media":4324,"comment_status":"closed","ping_status":"closed","sticky":false,"template":"","format":"standard","meta":{"footnotes":""},"categories":[54],"tags":[],"class_list":{"0":"post-4326","1":"post","2":"type-post","3":"status-publish","4":"format-standard","5":"has-post-thumbnail","7":"category-actividades-recientes"},"acf":[],"yoast_head":"<!-- This site is optimized with the Yoast SEO plugin v27.1.1 - https:\/\/yoast.com\/product\/yoast-seo-wordpress\/ -->\n<title>Visita al Castillo de Foix\u00e0 \u2013 14 de febrero de 2026 - Associaci\u00f3 de Castells Catalans i Edificis Singulars<\/title>\n<meta name=\"robots\" content=\"index, follow, max-snippet:-1, max-image-preview:large, max-video-preview:-1\" \/>\n<link rel=\"canonical\" href=\"https:\/\/castellscatalans.com\/es\/visita-al-castillo-de-foixa-14-de-febrero-de-2026\/\" \/>\n<meta property=\"og:locale\" content=\"es_ES\" \/>\n<meta property=\"og:type\" content=\"article\" \/>\n<meta property=\"og:title\" content=\"Visita al Castillo de Foix\u00e0 \u2013 14 de febrero de 2026 - Associaci\u00f3 de Castells Catalans i Edificis Singulars\" \/>\n<meta property=\"og:description\" content=\"Situado en el Baix Empord\u00e0, el Castillo de Foix\u00e0 destaca por su importancia geoestrat\u00e9gica como punto de control de las v\u00edas de comunicaci\u00f3n desde la \u00e9poca romana. Su posici\u00f3n elevada...\" \/>\n<meta property=\"og:url\" content=\"https:\/\/castellscatalans.com\/es\/visita-al-castillo-de-foixa-14-de-febrero-de-2026\/\" \/>\n<meta property=\"og:site_name\" content=\"Associaci\u00f3 de Castells Catalans i Edificis Singulars\" \/>\n<meta property=\"article:published_time\" content=\"2026-03-18T15:23:50+00:00\" \/>\n<meta property=\"article:modified_time\" content=\"2026-03-18T15:28:40+00:00\" \/>\n<meta property=\"og:image\" content=\"https:\/\/castellscatalans.com\/wp-content\/uploads\/2026\/03\/WhatsApp-Image-2026-03-18-at-16.18.26.jpeg\" \/>\n\t<meta property=\"og:image:width\" content=\"1600\" \/>\n\t<meta property=\"og:image:height\" content=\"1200\" \/>\n\t<meta property=\"og:image:type\" content=\"image\/jpeg\" \/>\n<meta name=\"author\" content=\"Associaci\u00f3 de Castells Catalans\" \/>\n<meta name=\"twitter:card\" content=\"summary_large_image\" \/>\n<meta name=\"twitter:label1\" content=\"Escrito por\" \/>\n\t<meta name=\"twitter:data1\" content=\"Associaci\u00f3 de Castells Catalans\" \/>\n\t<meta name=\"twitter:label2\" content=\"Tiempo de lectura\" \/>\n\t<meta name=\"twitter:data2\" content=\"4 minutos\" \/>\n<script type=\"application\/ld+json\" class=\"yoast-schema-graph\">{\"@context\":\"https:\/\/schema.org\",\"@graph\":[{\"@type\":\"Article\",\"@id\":\"https:\/\/castellscatalans.com\/es\/visita-al-castillo-de-foixa-14-de-febrero-de-2026\/#article\",\"isPartOf\":{\"@id\":\"https:\/\/castellscatalans.com\/es\/visita-al-castillo-de-foixa-14-de-febrero-de-2026\/\"},\"author\":{\"name\":\"Associaci\u00f3 de Castells Catalans\",\"@id\":\"https:\/\/castellscatalans.com\/#\/schema\/person\/d68e036ef549e5284aa80d882bf70dc7\"},\"headline\":\"Visita al Castillo de Foix\u00e0 \u2013 14 de febrero de 2026\",\"datePublished\":\"2026-03-18T15:23:50+00:00\",\"dateModified\":\"2026-03-18T15:28:40+00:00\",\"mainEntityOfPage\":{\"@id\":\"https:\/\/castellscatalans.com\/es\/visita-al-castillo-de-foixa-14-de-febrero-de-2026\/\"},\"wordCount\":304,\"publisher\":{\"@id\":\"https:\/\/castellscatalans.com\/#organization\"},\"image\":{\"@id\":\"https:\/\/castellscatalans.com\/es\/visita-al-castillo-de-foixa-14-de-febrero-de-2026\/#primaryimage\"},\"thumbnailUrl\":\"https:\/\/castellscatalans.com\/wp-content\/uploads\/2026\/03\/WhatsApp-Image-2026-03-18-at-16.18.26.jpeg\",\"articleSection\":[\"Actividades Recientes\"],\"inLanguage\":\"es\"},{\"@type\":\"WebPage\",\"@id\":\"https:\/\/castellscatalans.com\/es\/visita-al-castillo-de-foixa-14-de-febrero-de-2026\/\",\"url\":\"https:\/\/castellscatalans.com\/es\/visita-al-castillo-de-foixa-14-de-febrero-de-2026\/\",\"name\":\"Visita al Castillo de Foix\u00e0 \u2013 14 de febrero de 2026 - Associaci\u00f3 de Castells Catalans i Edificis Singulars\",\"isPartOf\":{\"@id\":\"https:\/\/castellscatalans.com\/#website\"},\"primaryImageOfPage\":{\"@id\":\"https:\/\/castellscatalans.com\/es\/visita-al-castillo-de-foixa-14-de-febrero-de-2026\/#primaryimage\"},\"image\":{\"@id\":\"https:\/\/castellscatalans.com\/es\/visita-al-castillo-de-foixa-14-de-febrero-de-2026\/#primaryimage\"},\"thumbnailUrl\":\"https:\/\/castellscatalans.com\/wp-content\/uploads\/2026\/03\/WhatsApp-Image-2026-03-18-at-16.18.26.jpeg\",\"datePublished\":\"2026-03-18T15:23:50+00:00\",\"dateModified\":\"2026-03-18T15:28:40+00:00\",\"breadcrumb\":{\"@id\":\"https:\/\/castellscatalans.com\/es\/visita-al-castillo-de-foixa-14-de-febrero-de-2026\/#breadcrumb\"},\"inLanguage\":\"es\",\"potentialAction\":[{\"@type\":\"ReadAction\",\"target\":[\"https:\/\/castellscatalans.com\/es\/visita-al-castillo-de-foixa-14-de-febrero-de-2026\/\"]}]},{\"@type\":\"ImageObject\",\"inLanguage\":\"es\",\"@id\":\"https:\/\/castellscatalans.com\/es\/visita-al-castillo-de-foixa-14-de-febrero-de-2026\/#primaryimage\",\"url\":\"https:\/\/castellscatalans.com\/wp-content\/uploads\/2026\/03\/WhatsApp-Image-2026-03-18-at-16.18.26.jpeg\",\"contentUrl\":\"https:\/\/castellscatalans.com\/wp-content\/uploads\/2026\/03\/WhatsApp-Image-2026-03-18-at-16.18.26.jpeg\",\"width\":1600,\"height\":1200},{\"@type\":\"BreadcrumbList\",\"@id\":\"https:\/\/castellscatalans.com\/es\/visita-al-castillo-de-foixa-14-de-febrero-de-2026\/#breadcrumb\",\"itemListElement\":[{\"@type\":\"ListItem\",\"position\":1,\"name\":\"Inici\",\"item\":\"https:\/\/castellscatalans.com\/es\/\"},{\"@type\":\"ListItem\",\"position\":2,\"name\":\"Visita al Castillo de Foix\u00e0 \u2013 14 de febrero de 2026\"}]},{\"@type\":\"WebSite\",\"@id\":\"https:\/\/castellscatalans.com\/#website\",\"url\":\"https:\/\/castellscatalans.com\/\",\"name\":\"Associaci\u00f3 de Castells Catalans i Edificis Singulars\",\"description\":\"Associaci\u00f3 de Castells Catalans  i Edificis Singulars\",\"publisher\":{\"@id\":\"https:\/\/castellscatalans.com\/#organization\"},\"potentialAction\":[{\"@type\":\"SearchAction\",\"target\":{\"@type\":\"EntryPoint\",\"urlTemplate\":\"https:\/\/castellscatalans.com\/?s={search_term_string}\"},\"query-input\":{\"@type\":\"PropertyValueSpecification\",\"valueRequired\":true,\"valueName\":\"search_term_string\"}}],\"inLanguage\":\"es\"},{\"@type\":\"Organization\",\"@id\":\"https:\/\/castellscatalans.com\/#organization\",\"name\":\"Associaci\u00f3 de Castells Catalans i Edificis Singulars\",\"url\":\"https:\/\/castellscatalans.com\/\",\"logo\":{\"@type\":\"ImageObject\",\"inLanguage\":\"es\",\"@id\":\"https:\/\/castellscatalans.com\/#\/schema\/logo\/image\/\",\"url\":\"https:\/\/castellscatalans.com\/wp-content\/uploads\/2022\/09\/logo-x2.png\",\"contentUrl\":\"https:\/\/castellscatalans.com\/wp-content\/uploads\/2022\/09\/logo-x2.png\",\"width\":800,\"height\":468,\"caption\":\"Associaci\u00f3 de Castells Catalans i Edificis Singulars\"},\"image\":{\"@id\":\"https:\/\/castellscatalans.com\/#\/schema\/logo\/image\/\"},\"sameAs\":[\"https:\/\/www.youtube.com\/channel\/UC75Vkhc57Ke-DIu5HROgUuQ\"]},{\"@type\":\"Person\",\"@id\":\"https:\/\/castellscatalans.com\/#\/schema\/person\/d68e036ef549e5284aa80d882bf70dc7\",\"name\":\"Associaci\u00f3 de Castells Catalans\",\"image\":{\"@type\":\"ImageObject\",\"inLanguage\":\"es\",\"@id\":\"https:\/\/castellscatalans.com\/#\/schema\/person\/image\/\",\"url\":\"https:\/\/secure.gravatar.com\/avatar\/8b492ef1c8bb279df834a5c1b84e38574afe8eda9c2ae80c89153198289d4405?s=96&d=mm&r=g\",\"contentUrl\":\"https:\/\/secure.gravatar.com\/avatar\/8b492ef1c8bb279df834a5c1b84e38574afe8eda9c2ae80c89153198289d4405?s=96&d=mm&r=g\",\"caption\":\"Associaci\u00f3 de Castells Catalans\"}}]}<\/script>\n<!-- \/ Yoast SEO plugin. -->","yoast_head_json":{"title":"Visita al Castillo de Foix\u00e0 \u2013 14 de febrero de 2026 - Associaci\u00f3 de Castells Catalans i Edificis Singulars","robots":{"index":"index","follow":"follow","max-snippet":"max-snippet:-1","max-image-preview":"max-image-preview:large","max-video-preview":"max-video-preview:-1"},"canonical":"https:\/\/castellscatalans.com\/es\/visita-al-castillo-de-foixa-14-de-febrero-de-2026\/","og_locale":"es_ES","og_type":"article","og_title":"Visita al Castillo de Foix\u00e0 \u2013 14 de febrero de 2026 - Associaci\u00f3 de Castells Catalans i Edificis Singulars","og_description":"Situado en el Baix Empord\u00e0, el Castillo de Foix\u00e0 destaca por su importancia geoestrat\u00e9gica como punto de control de las v\u00edas de comunicaci\u00f3n desde la \u00e9poca romana. Su posici\u00f3n elevada...","og_url":"https:\/\/castellscatalans.com\/es\/visita-al-castillo-de-foixa-14-de-febrero-de-2026\/","og_site_name":"Associaci\u00f3 de Castells Catalans i Edificis Singulars","article_published_time":"2026-03-18T15:23:50+00:00","article_modified_time":"2026-03-18T15:28:40+00:00","og_image":[{"width":1600,"height":1200,"url":"https:\/\/castellscatalans.com\/wp-content\/uploads\/2026\/03\/WhatsApp-Image-2026-03-18-at-16.18.26.jpeg","type":"image\/jpeg"}],"author":"Associaci\u00f3 de Castells Catalans","twitter_card":"summary_large_image","twitter_misc":{"Escrito por":"Associaci\u00f3 de Castells Catalans","Tiempo de lectura":"4 minutos"},"schema":{"@context":"https:\/\/schema.org","@graph":[{"@type":"Article","@id":"https:\/\/castellscatalans.com\/es\/visita-al-castillo-de-foixa-14-de-febrero-de-2026\/#article","isPartOf":{"@id":"https:\/\/castellscatalans.com\/es\/visita-al-castillo-de-foixa-14-de-febrero-de-2026\/"},"author":{"name":"Associaci\u00f3 de Castells Catalans","@id":"https:\/\/castellscatalans.com\/#\/schema\/person\/d68e036ef549e5284aa80d882bf70dc7"},"headline":"Visita al Castillo de Foix\u00e0 \u2013 14 de febrero de 2026","datePublished":"2026-03-18T15:23:50+00:00","dateModified":"2026-03-18T15:28:40+00:00","mainEntityOfPage":{"@id":"https:\/\/castellscatalans.com\/es\/visita-al-castillo-de-foixa-14-de-febrero-de-2026\/"},"wordCount":304,"publisher":{"@id":"https:\/\/castellscatalans.com\/#organization"},"image":{"@id":"https:\/\/castellscatalans.com\/es\/visita-al-castillo-de-foixa-14-de-febrero-de-2026\/#primaryimage"},"thumbnailUrl":"https:\/\/castellscatalans.com\/wp-content\/uploads\/2026\/03\/WhatsApp-Image-2026-03-18-at-16.18.26.jpeg","articleSection":["Actividades Recientes"],"inLanguage":"es"},{"@type":"WebPage","@id":"https:\/\/castellscatalans.com\/es\/visita-al-castillo-de-foixa-14-de-febrero-de-2026\/","url":"https:\/\/castellscatalans.com\/es\/visita-al-castillo-de-foixa-14-de-febrero-de-2026\/","name":"Visita al Castillo de Foix\u00e0 \u2013 14 de febrero de 2026 - Associaci\u00f3 de Castells Catalans i Edificis Singulars","isPartOf":{"@id":"https:\/\/castellscatalans.com\/#website"},"primaryImageOfPage":{"@id":"https:\/\/castellscatalans.com\/es\/visita-al-castillo-de-foixa-14-de-febrero-de-2026\/#primaryimage"},"image":{"@id":"https:\/\/castellscatalans.com\/es\/visita-al-castillo-de-foixa-14-de-febrero-de-2026\/#primaryimage"},"thumbnailUrl":"https:\/\/castellscatalans.com\/wp-content\/uploads\/2026\/03\/WhatsApp-Image-2026-03-18-at-16.18.26.jpeg","datePublished":"2026-03-18T15:23:50+00:00","dateModified":"2026-03-18T15:28:40+00:00","breadcrumb":{"@id":"https:\/\/castellscatalans.com\/es\/visita-al-castillo-de-foixa-14-de-febrero-de-2026\/#breadcrumb"},"inLanguage":"es","potentialAction":[{"@type":"ReadAction","target":["https:\/\/castellscatalans.com\/es\/visita-al-castillo-de-foixa-14-de-febrero-de-2026\/"]}]},{"@type":"ImageObject","inLanguage":"es","@id":"https:\/\/castellscatalans.com\/es\/visita-al-castillo-de-foixa-14-de-febrero-de-2026\/#primaryimage","url":"https:\/\/castellscatalans.com\/wp-content\/uploads\/2026\/03\/WhatsApp-Image-2026-03-18-at-16.18.26.jpeg","contentUrl":"https:\/\/castellscatalans.com\/wp-content\/uploads\/2026\/03\/WhatsApp-Image-2026-03-18-at-16.18.26.jpeg","width":1600,"height":1200},{"@type":"BreadcrumbList","@id":"https:\/\/castellscatalans.com\/es\/visita-al-castillo-de-foixa-14-de-febrero-de-2026\/#breadcrumb","itemListElement":[{"@type":"ListItem","position":1,"name":"Inici","item":"https:\/\/castellscatalans.com\/es\/"},{"@type":"ListItem","position":2,"name":"Visita al Castillo de Foix\u00e0 \u2013 14 de febrero de 2026"}]},{"@type":"WebSite","@id":"https:\/\/castellscatalans.com\/#website","url":"https:\/\/castellscatalans.com\/","name":"Associaci\u00f3 de Castells Catalans i Edificis Singulars","description":"Associaci\u00f3 de Castells Catalans  i Edificis Singulars","publisher":{"@id":"https:\/\/castellscatalans.com\/#organization"},"potentialAction":[{"@type":"SearchAction","target":{"@type":"EntryPoint","urlTemplate":"https:\/\/castellscatalans.com\/?s={search_term_string}"},"query-input":{"@type":"PropertyValueSpecification","valueRequired":true,"valueName":"search_term_string"}}],"inLanguage":"es"},{"@type":"Organization","@id":"https:\/\/castellscatalans.com\/#organization","name":"Associaci\u00f3 de Castells Catalans i Edificis Singulars","url":"https:\/\/castellscatalans.com\/","logo":{"@type":"ImageObject","inLanguage":"es","@id":"https:\/\/castellscatalans.com\/#\/schema\/logo\/image\/","url":"https:\/\/castellscatalans.com\/wp-content\/uploads\/2022\/09\/logo-x2.png","contentUrl":"https:\/\/castellscatalans.com\/wp-content\/uploads\/2022\/09\/logo-x2.png","width":800,"height":468,"caption":"Associaci\u00f3 de Castells Catalans i Edificis Singulars"},"image":{"@id":"https:\/\/castellscatalans.com\/#\/schema\/logo\/image\/"},"sameAs":["https:\/\/www.youtube.com\/channel\/UC75Vkhc57Ke-DIu5HROgUuQ"]},{"@type":"Person","@id":"https:\/\/castellscatalans.com\/#\/schema\/person\/d68e036ef549e5284aa80d882bf70dc7","name":"Associaci\u00f3 de Castells Catalans","image":{"@type":"ImageObject","inLanguage":"es","@id":"https:\/\/castellscatalans.com\/#\/schema\/person\/image\/","url":"https:\/\/secure.gravatar.com\/avatar\/8b492ef1c8bb279df834a5c1b84e38574afe8eda9c2ae80c89153198289d4405?s=96&d=mm&r=g","contentUrl":"https:\/\/secure.gravatar.com\/avatar\/8b492ef1c8bb279df834a5c1b84e38574afe8eda9c2ae80c89153198289d4405?s=96&d=mm&r=g","caption":"Associaci\u00f3 de Castells Catalans"}}]}},"_links":{"self":[{"href":"https:\/\/castellscatalans.com\/es\/wp-json\/wp\/v2\/posts\/4326","targetHints":{"allow":["GET"]}}],"collection":[{"href":"https:\/\/castellscatalans.com\/es\/wp-json\/wp\/v2\/posts"}],"about":[{"href":"https:\/\/castellscatalans.com\/es\/wp-json\/wp\/v2\/types\/post"}],"author":[{"embeddable":true,"href":"https:\/\/castellscatalans.com\/es\/wp-json\/wp\/v2\/users\/3"}],"replies":[{"embeddable":true,"href":"https:\/\/castellscatalans.com\/es\/wp-json\/wp\/v2\/comments?post=4326"}],"version-history":[{"count":1,"href":"https:\/\/castellscatalans.com\/es\/wp-json\/wp\/v2\/posts\/4326\/revisions"}],"predecessor-version":[{"id":4327,"href":"https:\/\/castellscatalans.com\/es\/wp-json\/wp\/v2\/posts\/4326\/revisions\/4327"}],"wp:featuredmedia":[{"embeddable":true,"href":"https:\/\/castellscatalans.com\/es\/wp-json\/wp\/v2\/media\/4324"}],"wp:attachment":[{"href":"https:\/\/castellscatalans.com\/es\/wp-json\/wp\/v2\/media?parent=4326"}],"wp:term":[{"taxonomy":"category","embeddable":true,"href":"https:\/\/castellscatalans.com\/es\/wp-json\/wp\/v2\/categories?post=4326"},{"taxonomy":"post_tag","embeddable":true,"href":"https:\/\/castellscatalans.com\/es\/wp-json\/wp\/v2\/tags?post=4326"}],"curies":[{"name":"wp","href":"https:\/\/api.w.org\/{rel}","templated":true}]}}